{"id":748,"date":"2021-12-14T19:52:38","date_gmt":"2021-12-14T18:52:38","guid":{"rendered":"http:\/\/10.0.0.141:8080\/?p=748"},"modified":"2022-03-20T16:57:11","modified_gmt":"2022-03-20T15:57:11","slug":"zespol-ds-administracyjnych-dzial-ds-gospodarczych-i-zamowien-publicznych","status":"publish","type":"post","link":"https:\/\/wroc.wiw.gov.pl\/?p=748","title":{"rendered":"Zesp\u00f3\u0142 ds. administracyjnych &#8211; Dzia\u0142 ds. gospodarczych i zam\u00f3wie\u0144 publicznych"},"content":{"rendered":"\n<p class=\"has-text-align-center\">Koordynator:\u00a0<br><em>Specjalista<\/em><br><strong>Marzena Pukiel<\/strong><br>E-mail:\u00a0<a href=\"mailto:marzena.pukiel@wroc.wiw.gov.pl\">marzena.pukiel@wroc.wiw.gov.pl<\/a><br>tel.\u00a0 71 367 70 16, 17 wewn.\u00a0121, tel\/fax: 71 373 27 75<\/p>\n\n\n\n<h4 class=\"wp-block-heading\">Do zada\u0144 dzia\u0142u ds. gospodarczych i zam\u00f3wie\u0144 publicznych w Zespole ds. administracyjnych nale\u017cy w szczeg\u00f3lno\u015bci:<\/h4>\n\n\n\n<ol class=\"wp-block-list\"><li>Nadz\u00f3r nad maj\u0105tkiem Inspektoratu, polegaj\u0105cy w szczeg\u00f3lno\u015bci na przyjmowaniu sk\u0142adnik\u00f3w maj\u0105tku w imieniu Inspektoratu, w\u0142a\u015bciwym zabezpieczeniu, a nast\u0119pnie przekazaniu do korzystania w\u0142a\u015bciwym osobom lub jednostkom;<\/li><li>Administrowanie mieniem i lokalami w budynkach i obiektach zajmowanych przez Inspektorat oraz podejmowanie dzia\u0142a\u0144 w zakresie eliminacji nieprawid\u0142owo\u015bci, w tym w szczeg\u00f3lno\u015bci prowadzenie spraw zwi\u0105zanych z przegl\u0105dami obiekt\u00f3w i instalacji Inspektoratu oraz prowadzenie ksi\u0105\u017cek obiektu budowlanego;<\/li><li>Nadzorowanie planowanych remont\u00f3w, modernizacji, konserwacji, prac budowlanych w nieruchomo\u015bciach b\u0119d\u0105cych w trwa\u0142ym zarz\u0105dzie Inspektoratu;<\/li><li>Podejmowanie czynno\u015bci w zakresie wyposa\u017cenia pomieszcze\u0144 Inspektoratu w materia\u0142y biurowe, \u015brodki chemiczne i inne;<\/li><li>Zabezpieczenie obiektu Inspektoratu przed kradzie\u017c\u0105, po\u017carem i innymi kl\u0119skami;<\/li><li>Realizacja procesu ubezpiecze\u0144 maj\u0105tku Inspektoratu;<\/li><li>Zapewnienie sprawno\u015bci wyposa\u017cenia technicznego Inspektoratu;<\/li><li>Prowadzenie spraw zwi\u0105zanych z gospodark\u0105 odpadami;<\/li><li>Zapewnienie us\u0142ug transportowych dla potrzeb Inspektoratu;<\/li><li>Prowadzenie dokumentacji i spraw zwi\u0105zanych z gospodark\u0105 i udost\u0119pnianiem pracownikom taboru samochodowego b\u0119d\u0105cego w\u0142asno\u015bci\u0105 Inspektoratu;<\/li><li>Prowadzenie rejestracji, ubezpiecze\u0144 komunikacyjnych, kart drogowych, okresowych przegl\u0105d\u00f3w technicznych, remont\u00f3w i napraw dora\u017anych samochod\u00f3w;<\/li><li>Tworzenie, we wsp\u00f3\u0142pracy z innymi kom\u00f3rkami organizacyjnymi Inspektoratu, plan\u00f3w i sprawozda\u0144 jako\u015bciowych, ilo\u015bciowych i finansowych stanowi\u0105cych cz\u0119\u015b\u0107 plan\u00f3w Inspektoratu;<\/li><li>Prowadzenie ewidencji emitowanych zanieczyszcze\u0144 i wyliczanie op\u0142at za wprowadzanie substancji zanieczyszczaj\u0105cych do powietrza;<\/li><li>Utrzymanie czysto\u015bci wewn\u0105trz budynk\u00f3w Inspektoratu;<\/li><li>Utrzymanie czysto\u015bci i porz\u0105dku na posesji Inspektoratu;<\/li><li>Wykonywanie bie\u017c\u0105cych prac konserwatorskich wewn\u0105trz i na zewn\u0105trz budynk\u00f3w Inspektoratu;<\/li><li>Prowadzenie post\u0119powa\u0144 o udzielenie zam\u00f3wienia publicznego;<\/li><li>Sporz\u0105dzanie planu zam\u00f3wie\u0144 publicznych;<\/li><li>Sporz\u0105dzanie obowi\u0105zuj\u0105cej sprawozdawczo\u015bci w zakresie zada\u0144 dzia\u0142u;<\/li><li>Prowadzenie rejestru um\u00f3w oraz ich analiza;<\/li><li>Opisywanie faktur w zakresie zada\u0144 dzia\u0142u;<\/li><li>Przygotowywanie projekt\u00f3w upowa\u017cnie\u0144 i pe\u0142nomocnictw w zakresie zada\u0144 dzia\u0142u;<\/li><li>Przygotowywanie projekt\u00f3w pism w zakresie zada\u0144 dzia\u0142u.<\/li><\/ol>\n","protected":false},"excerpt":{"rendered":"<p>Koordynator:\u00a0SpecjalistaMarzena PukielE-mail:\u00a0marzena.pukiel@wroc.wiw.gov.pltel.\u00a0 71 367 70 16, 17 wewn.\u00a0121, tel\/fax: 71 373 27 75 Do zada\u0144&#8230;<\/p>\n","protected":false},"author":3,"featured_media":0,"comment_status":"closed","ping_status":"","sticky":false,"template":"","format":"standard","meta":{"footnotes":""},"categories":[27],"tags":[],"class_list":["post-748","post","type-post","status-publish","format-standard","hentry","category-wiw-zespoly-wiw"],"_links":{"self":[{"href":"https:\/\/wroc.wiw.gov.pl\/index.php?rest_route=\/wp\/v2\/posts\/748","targetHints":{"allow":["GET"]}}],"collection":[{"href":"https:\/\/wroc.wiw.gov.pl\/index.php?rest_route=\/wp\/v2\/posts"}],"about":[{"href":"https:\/\/wroc.wiw.gov.pl\/index.php?rest_route=\/wp\/v2\/types\/post"}],"author":[{"embeddable":true,"href":"https:\/\/wroc.wiw.gov.pl\/index.php?rest_route=\/wp\/v2\/users\/3"}],"replies":[{"embeddable":true,"href":"https:\/\/wroc.wiw.gov.pl\/index.php?rest_route=%2Fwp%2Fv2%2Fcomments&post=748"}],"version-history":[{"count":4,"href":"https:\/\/wroc.wiw.gov.pl\/index.php?rest_route=\/wp\/v2\/posts\/748\/revisions"}],"predecessor-version":[{"id":1374,"href":"https:\/\/wroc.wiw.gov.pl\/index.php?rest_route=\/wp\/v2\/posts\/748\/revisions\/1374"}],"wp:attachment":[{"href":"https:\/\/wroc.wiw.gov.pl\/index.php?rest_route=%2Fwp%2Fv2%2Fmedia&parent=748"}],"wp:term":[{"taxonomy":"category","embeddable":true,"href":"https:\/\/wroc.wiw.gov.pl\/index.php?rest_route=%2Fwp%2Fv2%2Fcategories&post=748"},{"taxonomy":"post_tag","embeddable":true,"href":"https:\/\/wroc.wiw.gov.pl\/index.php?rest_route=%2Fwp%2Fv2%2Ftags&post=748"}],"curies":[{"name":"wp","href":"https:\/\/api.w.org\/{rel}","templated":true}]}}