{"id":625,"date":"2024-11-14T07:00:00","date_gmt":"2024-11-14T06:00:00","guid":{"rendered":"http:\/\/10.0.0.141:8080\/?p=625"},"modified":"2025-12-23T11:47:02","modified_gmt":"2025-12-23T10:47:02","slug":"obszary-objete-ograniczeniami-asf","status":"publish","type":"post","link":"https:\/\/wroc.wiw.gov.pl\/?p=625","title":{"rendered":"Obszary obj\u0119te ograniczeniami ASF"},"content":{"rendered":"\t\t<div data-elementor-type=\"wp-post\" data-elementor-id=\"625\" class=\"elementor elementor-625\">\n\t\t\t\t\t\t<section class=\"elementor-section elementor-top-section elementor-element elementor-element-19ba3032 elementor-section-boxed elementor-section-height-default elementor-section-height-default\" data-id=\"19ba3032\" data-element_type=\"section\" data-e-type=\"section\">\n\t\t\t\t\t\t<div class=\"elementor-container elementor-column-gap-default\">\n\t\t\t\t\t<div class=\"elementor-column elementor-col-100 elementor-top-column elementor-element elementor-element-155e2a9b\" data-id=\"155e2a9b\" data-element_type=\"column\" data-e-type=\"column\">\n\t\t\t<div class=\"elementor-widget-wrap elementor-element-populated\">\n\t\t\t\t\t\t<div class=\"elementor-element elementor-element-1f3d2df1 elementor-widget__width-initial elementor-widget elementor-widget-text-editor\" data-id=\"1f3d2df1\" data-element_type=\"widget\" data-e-type=\"widget\" data-widget_type=\"text-editor.default\">\n\t\t\t\t<div class=\"elementor-widget-container\">\n\t\t\t\t\t\t\t\t\t<p><strong>Obszary obj\u0119te ograniczeniami<\/strong> w zwi\u0105zku z wyst\u0119powaniem afryka\u0144skiego pomoru \u015bwi\u0144, obowi\u0105zuj\u0105ce \u00a0<strong>na terenie wojew\u00f3dztwa dolno\u015bl\u0105skiego<\/strong> na podstawie za\u0142\u0105cznika nr I do rozporz\u0105dzenia wykonawczego Komisji (UE) 2023\/594 z dnia 16 marca 2023 r ustanawiaj\u0105ce \u015brodki szczeg\u00f3lne w zakresie zwalczania chor\u00f3b w odniesieniu do afryka\u0144skiego pomoru \u015bwi\u0144 oraz uchylaj\u0105ce rozporz\u0105dzenie wykonawcze (UE) 2021\/605:<\/p>\n<p><!-- \/wp:paragraph --><\/p>\n<p><!-- wp:paragraph --><\/p>\n<p style=\"color: dodgerblue;\">OBSZAR OBJ\u0118TY OGRANICZENIAMI I &#8211; kolor niebieski na mapie:<\/p>\n<p><!-- \/wp:paragraph --><\/p>\n<p><!-- wp:paragraph --><\/p>\n<p>w wojew\u00f3dztwie dolno\u015bl\u0105skim:<\/p>\n<p>\u2014 gminy Mi\u0119dzyb\u00f3rz, Syc\u00f3w, cz\u0119\u015b\u0107 gminy wiejskiej Ole\u015bnica po\u0142o\u017cona na p\u00f3\u0142noc od linii wyznaczonej przez drog\u0119 nr S8, cz\u0119\u015b\u0107 gminy Dobroszyce po\u0142o\u017cona na wsch\u00f3d od linii wyznaczonej przez lini\u0119 kolejow\u0105 biegn\u0105c\u0105 od p\u00f3\u0142nocnej do po\u0142udniowej granicy gminy w powiecie <strong>ole\u015bnickim<\/strong>,<\/p>\n<p>\u2014 gminy Jordan\u00f3w \u015al\u0105ski, Sob\u00f3tka, cz\u0119\u015b\u0107 gminy \u017b\u00f3rawina po\u0142o\u017cona na zach\u00f3d od linii wyznaczonej przez autostrad\u0119 A4, cz\u0119\u015b\u0107 w powiecie <strong>wroc\u0142awskim<\/strong>,<\/p>\n<p>\u2014 cz\u0119\u015b\u0107 gminy Domani\u00f3w po\u0142o\u017cona na po\u0142udniowy zach\u00f3d od linii wyznaczonej przez autostrad\u0119 A4 w powiecie <strong>o\u0142awskim<\/strong>,<\/p>\n<p>\u2014 gmina Bor\u00f3w i Wi\u0105z\u00f3w w powiecie <strong>strzeli\u0144skim<\/strong>,<\/p>\n<p>\u2014 gminy \u015awierzawa, Wojciesz\u00f3w, cz\u0119\u015b\u0107 gminy Pielgrzymka po\u0142o\u017cona na po\u0142udnie od linii wyznaczonej przez drog\u0119 nr 364 do skrzy\u017cowania z drog\u0105 w miejscowo\u015bci Pielgrzymka \u0142\u0105cz\u0105c\u0105 miejscowo\u015bci Wojcieszyn &#8211; Pielgrzymka \u2013 Proboszcz\u00f3w, a nast\u0119pnie na wsch\u00f3d od linii wyznaczonej przez drog\u0119 \u0142\u0105cz\u0105c\u0105 miejscowo\u015bci Pielgrzymka \u2013 Proboszcz\u00f3w \u2013 Soko\u0142owiec, cz\u0119\u015b\u0107 gminy wiejskiej Z\u0142otoryja po\u0142o\u017cona na po\u0142udnie od linii wyznaczonej przez drog\u0119 nr 364 biegn\u0105c\u0105 od zachodniej granicy gminy do granicy miasta Z\u0142otoryja oraz na po\u0142udnie od linii wyznaczonej od po\u0142udniowo-wschodniej granicy miasta Z\u0142otoryja, \u0142\u0105cz\u0105cej miejscowo\u015bci Z\u0142otoryja \u2013 Leszczyna \u2013 Stanis\u0142aw\u00f3w w powiecie <strong>z\u0142otoryjskim<\/strong>,<\/p>\n<p>\u2014 gmina Je\u017c\u00f3w Sudecki w powiecie <strong>karkonoskim<\/strong>,<\/p>\n<p>\u2014 gminy Bolk\u00f3w, Paszowice, cz\u0119\u015b\u0107 gminy M\u0119cinka po\u0142o\u017cona na po\u0142udnie od linii wyznaczonej przez drog\u0119 \u0142\u0105cz\u0105c\u0105 miejscowo\u015bci Leszczyna \u2013 Stanis\u0142aw\u00f3w &#8211; Pomocne &#8211; My\u015blin\u00f3w \u2013 My\u015blib\u00f3rz w powiecie <strong>jaworskim<\/strong>,<\/p>\n<p>\u2014 powiat <strong>\u015bwidnicki<\/strong>,<\/p>\n<p>\u2014 powiat <strong>zgorzelecki,<\/strong><\/p>\n<p>\u2014 powiat <strong>luba\u0144ski,<\/strong><\/p>\n<p>\u2014 powiat <strong>lw\u00f3wecki,<\/strong><\/p>\n<p><!-- \/wp:paragraph --><\/p>\n<p><!-- wp:paragraph --><\/p>\n<p style=\"color: violet;\">OBSZAR OBJ\u0118TY OGRANICZENIAMI II &#8211; kolor r\u00f3\u017cowy na mapie:<\/p>\n<p><!-- \/wp:paragraph --><\/p>\n<p><!-- wp:paragraph --><\/p>\n<p>w wojew\u00f3dztwie dolno\u015bl\u0105skim:<\/p>\n<p>\u2014 powiat <strong>polkowicki<\/strong>,<\/p>\n<p>\u2014 powiat <strong>wo\u0142owski<\/strong>,<\/p>\n<p>\u2014 powiat <strong>lubi\u0144ski<\/strong>,<\/p>\n<p>\u2014 powiat <strong>\u015bredzki<\/strong>,<\/p>\n<p>\u2014 gmina M\u015bciwoj\u00f3w, W\u0105dro\u017ce Wielkie, miasto Jawor, cz\u0119\u015b\u0107 gminy M\u0119cinka po\u0142o\u017cona na p\u00f3\u0142noc od linii wyznaczonej przez drog\u0119 \u0142\u0105cz\u0105c\u0105 miejscowo\u015bci Leszczyna &#8211; Stanis\u0142aw\u00f3w \u2013 Pomocne \u2013 My\u015blin\u00f3w &#8211; My\u015blib\u00f3rz w powiecie <strong>jaworskim<\/strong>,<\/p>\n<p>\u2014 powiat miejski <strong>Legnica<\/strong>,<\/p>\n<p>\u2014 powiat <strong>legnicki<\/strong>,<\/p>\n<p>\u2014 powiat <strong>trzebnicki<\/strong>,<\/p>\n<p>\u2014 powiat miejski <strong>Wroc\u0142aw<\/strong>,<\/p>\n<p>\u2014 gminy Czernica, D\u0142ugo\u0142\u0119ka, Siechnice, Mietk\u00f3w, K\u0105ty Wroc\u0142awskie, Kobierzyce, cz\u0119\u015b\u0107 gminy \u017b\u00f3rawina po\u0142o\u017cona na wsch\u00f3d od linii wyznaczonej przez autostrad\u0119 A4 w powiecie <strong>wroc\u0142awskim<\/strong>,<\/p>\n<p>\u2014 gminy Jelcz &#8211; Laskowice, O\u0142awa z miastem O\u0142awa i cz\u0119\u015b\u0107 gminy Domani\u00f3w po\u0142o\u017cona na p\u00f3\u0142nocny wsch\u00f3d od linii wyznaczonej przez autostrad\u0119 A4 w powiecie <strong>o\u0142awskim<\/strong>,<\/p>\n<p>\u2014 gmina Bierut\u00f3w, Dziadowa K\u0142oda, miasto Ole\u015bnica, cz\u0119\u015b\u0107 gminy wiejskiej Ole\u015bnica po\u0142o\u017cona na po\u0142udnie od linii wyznaczonej przez drog\u0119 nr S8, cz\u0119\u015b\u0107 gminy Dobroszyce po\u0142o\u017cona na zach\u00f3d od linii wyznaczonej przez lini\u0119 kolejow\u0105 biegn\u0105c\u0105 od p\u00f3\u0142nocnej do po\u0142udniowej granicy gminy w powiecie <strong>ole\u015bnickim<\/strong>,<\/p>\n<p>\u2014 powiat <strong>boles\u0142awiecki<\/strong>,<\/p>\n<p>\u2014 powiat <strong>milicki<\/strong>,<\/p>\n<p>\u2014 powiat <strong>g\u00f3rowski<\/strong>,<\/p>\n<p>\u2014 powiat <strong>g\u0142ogowski<\/strong>,<\/p>\n<p>\u2014 gmina Zagrodno, miasto Z\u0142otoryja, cz\u0119\u015b\u0107 gminy wiejskiej Z\u0142otoryja niewymieniona w cz\u0119\u015bci I za\u0142\u0105cznika I, cz\u0119\u015b\u0107 gminy Pielgrzymka niewymieniona w cz\u0119\u015bci I za\u0142\u0105cznika I w powiecie <strong>z\u0142otoryjskim<\/strong>,<\/p>\n<p><!-- \/wp:paragraph --><\/p>\n<p><!-- wp:paragraph --><\/p>\n<p><!-- \/wp:paragraph --><\/p>\n<p><!-- wp:paragraph --><\/p>\n<p><a href=\"https:\/\/bip.wetgiw.gov.pl\/asf\/mapa\/\">Mapa ognisk i przypadk\u00f3w ASF w Polsce oraz aktualny zasi\u0119g obszar\u00f3w obj\u0119tych restrykcjami w Polsce<\/a><\/p>\n<p><!-- \/wp:paragraph --><\/p>\n<p><!-- wp:paragraph --><\/p>\n<p><a href=\"https:\/\/eur-lex.europa.eu\/legal-content\/PL\/TXT\/PDF\/?uri=CELEX:32021R0687&amp;from=PL\">Rozporz\u0105dzenie wykonawcze Komisji (UE) 2021\/687 z dnia 26 kwietnia 2021 r.\u00a0 zmieniaj\u0105ce za\u0142\u0105cznik\u00a0I do rozporz\u0105dzenia wykonawczego (UE) 2021\/605 ustanawiaj\u0105cego szczeg\u00f3lne \u015brodki zwalczania afryka\u0144skiego pomoru \u015bwi\u0144<\/a><\/p>\n<p><!-- \/wp:paragraph --><\/p>\n<p><!-- wp:paragraph --><\/p>\n<p><a href=\"https:\/\/eur-lex.europa.eu\/legal-content\/PL\/TXT\/PDF\/?uri=CELEX:32021R0902&amp;qid=1623052294186&amp;from=PL\">Rozporz\u0105dzenie wykonawcze Komisji (UE) 2021\/902 z dnia 3 czerwca 2021 r. zmieniaj\u0105ce rozporz\u0105dzenie wykonawcze (UE) 2021\/605 ustanawiaj\u0105ce szczeg\u00f3lne \u015brodki zwalczania afryka\u0144skiego pomoru \u015bwi\u0144<\/a><\/p>\n<p><!-- \/wp:paragraph --><\/p>\n<p><!-- wp:paragraph --><\/p>\n<p><a href=\"https:\/\/eur-lex.europa.eu\/legal-content\/PL\/TXT\/PDF\/?uri=CELEX:32021R0952&amp;from=PL\">Rozporz\u0105dzenie wykonawcze Komisji (UE) 2021\/952 z dnia 11 czerwca 2021 r. zmieniaj\u0105ce rozporz\u0105dzenie wykonawcze (UE) 2021\/605 ustanawiaj\u0105ce szczeg\u00f3lne \u015brodki zwalczania afryka\u0144skiego pomoru \u015bwi\u0144<\/a><\/p>\n<p><!-- \/wp:paragraph --><\/p>\n<p><!-- wp:paragraph --><\/p>\n<p><a href=\"https:\/\/eur-lex.europa.eu\/legal-content\/PL\/TXT\/PDF\/?uri=CELEX:32021R0994&amp;from=PL\">Rozporz\u0105dzenie wykonawcze Komisji (UE) 2021\/994 z dnia 18 czerwca 2021 r. zmieniaj\u0105ce rozporz\u0105dzenie wykonawcze (UE) 2021\/605 ustanawiaj\u0105ce szczeg\u00f3lne \u015brodki zwalczania afryka\u0144skiego pomoru \u015bwi\u0144<\/a><\/p>\n<p><!-- \/wp:paragraph --><\/p>\n<p><!-- wp:paragraph --><\/p>\n<p><a href=\"https:\/\/eur-lex.europa.eu\/legal-content\/PL\/TXT\/PDF\/?uri=CELEX:32021R1090&amp;from=EN\">Rozporz\u0105dzenie wykonawcze Komisji (UE) 2021\/1090 z dnia 2 lipca 2021 r. zmieniaj\u0105ce za\u0142\u0105cznik I do\u00a0rozporz\u0105dzenia wykonawczego (UE) 2021\/605 ustanawiaj\u0105cego szczeg\u00f3lne \u015brodki zwalczania afryka\u0144skiego pomoru \u015bwi\u0144<\/a><\/p>\n<p><!-- \/wp:paragraph --><\/p>\n<p><!-- wp:paragraph --><\/p>\n<p><a href=\"https:\/\/eur-lex.europa.eu\/legal-content\/PL\/TXT\/PDF\/?uri=CELEX:32021R1141&amp;qid=1626167770705&amp;from=PL\">Rozporz\u0105dzenie wykonawcze Komisji (UE) 2021\/1141 z dnia 12 lipca 2021 r. zmieniaj\u0105ce za\u0142\u0105cznik I do rozporz\u0105dzenia wykonawczego (UE) 2021\/605 ustanawiaj\u0105cego szczeg\u00f3lne \u015brodki zwalczania afryka\u0144skiego pomoru \u015bwi\u0144<\/a><\/p>\n<p><!-- \/wp:paragraph --><\/p>\n<p><!-- wp:paragraph --><\/p>\n<p><a href=\"https:\/\/eur-lex.europa.eu\/legal-content\/PL\/TXT\/PDF\/?uri=CELEX:32021R1205&amp;qid=1626948391921&amp;from=EN\">Rozporz\u0105dzenie wykonawcze Komisji (UE) 2021\/1205 z dnia 20 lipca 2021 r. zmieniaj\u0105ce za\u0142\u0105cznik I do rozporz\u0105dzenia wykonawczego (UE) 2021\/605 ustanawiaj\u0105cego szczeg\u00f3lne \u015brodki zwalczania afryka\u0144skiego pomoru \u015bwi\u0144<\/a><\/p>\n<p><!-- \/wp:paragraph --><\/p>\n<p><!-- wp:paragraph --><\/p>\n<p><a href=\"https:\/\/eur-lex.europa.eu\/legal-content\/PL\/TXT\/PDF\/?uri=OJ:L:2021:294:FULL&amp;from=EN\">Rozporz\u0105dzenie wykonawcze Komisji (UE) 2021\/1371 z dnia 16 sierpnia 2021 r. zmieniaj\u0105ce za\u0142\u0105cznik I do rozporz\u0105dzenia wykonawczego (UE) 2021\/605 ustanawiaj\u0105cego szczeg\u00f3lne \u015brodki zwalczania afryka\u0144skiego pomoru \u015bwi\u0144<\/a><\/p>\n<p><!-- \/wp:paragraph --><\/p>\n<p><!-- wp:paragraph --><\/p>\n<p><a href=\"https:\/\/eur-lex.europa.eu\/legal-content\/PL\/TXT\/PDF\/?uri=CELEX:32021R1453&amp;from=EN\">ROZPORZ\u0104DZENIE WYKONAWCZE KOMISJI (UE) 2021\/1453 z dnia 3 wrze\u015bnia 2021 r. zmieniaj\u0105ce za\u0142\u0105cznik I do rozporz\u0105dzenia wykonawczego (UE) 2021\/605 ustanawiaj\u0105cego szczeg\u00f3lne \u015brodki zwalczania afryka\u0144skiego pomoru \u015bwi\u0144<\/a><\/p>\n<p><!-- \/wp:paragraph --><\/p>\n<p><!-- wp:paragraph --><\/p>\n<p><a href=\"https:\/\/eur-lex.europa.eu\/legal-content\/PL\/TXT\/PDF\/?uri=CELEX:32021R1714&amp;from=EN\">ROZPORZ\u0104DZENIE WYKONAWCZE KOMISJI (UE) 2021\/1714 z dnia 24 wrze\u015bnia 2021 r. zmieniaj\u0105ce za\u0142\u0105cznik I do rozporz\u0105dzenia wykonawczego (UE) 2021\/605 ustanawiaj\u0105cego szczeg\u00f3lne \u015brodki zwalczania afryka\u0144skiego pomoru \u015bwi\u0144<\/a><\/p>\n<p><!-- \/wp:paragraph --><\/p>\n<p><!-- wp:paragraph --><\/p>\n<p><a href=\"https:\/\/eur-lex.europa.eu\/legal-content\/PL\/TXT\/PDF\/?uri=CELEX:32021R1794&amp;from=PL\">ROZPORZ\u0104DZENIE WYKONAWCZE KOMISJI (UE) 2021\/1794 z dnia 8 pa\u017adziernika 2021 r. zmieniaj\u0105ce za\u0142\u0105cznik I do rozporz\u0105dzenia wykonawczego (UE) 2021\/605 ustanawiaj\u0105cego szczeg\u00f3lne \u015brodki zwalczania afryka\u0144skiego pomoru \u015bwi\u0144<\/a><\/p>\n<p><!-- \/wp:paragraph --><\/p>\n<p><!-- wp:paragraph --><\/p>\n<p><a href=\"https:\/\/eur-lex.europa.eu\/legal-content\/PL\/TXT\/PDF\/?uri=CELEX:32021R1850&amp;from=PL\">ROZPORZ\u0104DZENIE WYKONAWCZE KOMISJI (UE) 2021\/1850 z dnia 21 pa\u017adziernika 2021 r. zmieniaj\u0105ce za\u0142\u0105cznik I do rozporz\u0105dzenia wykonawczego (UE) 2021\/605 ustanawiaj\u0105cego szczeg\u00f3lne \u015brodki zwalczania afryka\u0144skiego pomoru \u015bwi\u0144<\/a><\/p>\n<p><!-- \/wp:paragraph --><\/p>\n<p><!-- wp:paragraph --><\/p>\n<p><a href=\"https:\/\/eur-lex.europa.eu\/legal-content\/PL\/TXT\/PDF\/?uri=CELEX:32021R2249&amp;from=PL\">ROZPORZ\u0104DZENIE WYKONAWCZE KOMISJI (UE) 2021\/2249 z dnia 16 grudnia 2021 r. zmieniaj\u0105ce za\u0142\u0105cznik I do rozporz\u0105dzenia wykonawczego (UE) 2021\/605 ustanawiaj\u0105cego szczeg\u00f3lne \u015brodki zwalczania afryka\u0144skiego pomoru \u015bwi\u0144<\/a><\/p>\n<p><!-- \/wp:paragraph --><\/p>\n<p><!-- wp:paragraph --><\/p>\n<p><a href=\"https:\/\/eur-lex.europa.eu\/legal-content\/PL\/TXT\/HTML\/?uri=CELEX:32021R2308&amp;from=EN\">ROZPORZ\u0104DZENIE WYKONAWCZE KOMISJI (UE) 2021\/2308 z dnia 22 grudnia 2021 r. zmieniaj\u0105ce za\u0142\u0105cznik I do rozporz\u0105dzenia wykonawczego (UE) 2021\/605 ustanawiaj\u0105cego szczeg\u00f3lne \u015brodki zwalczania afryka\u0144skiego pomoru \u015bwi\u0144 (Tekst maj\u0105cy znaczenie dla EOG)<\/a><\/p>\n<p><!-- \/wp:paragraph --><\/p>\n<p><!-- wp:paragraph --><\/p>\n<p><a href=\"https:\/\/eur-lex.europa.eu\/legal-content\/PL\/TXT\/PDF\/?uri=CELEX:32022R0065&amp;from=PL\">ROZPORZ\u0104DZENIE WYKONAWCZE KOMISJI (UE) 2022\/65 z dnia 17 stycznia 2022 r. zmieniaj\u0105ce za\u0142\u0105cznik I do rozporz\u0105dzenia wykonawczego (UE) 2021\/605 ustanawiaj\u0105cego szczeg\u00f3lne \u015brodki zwalczania afryka\u0144skiego pomoru \u015bwi\u0144<\/a><\/p>\n<p><!-- \/wp:paragraph --><\/p>\n<p><!-- wp:paragraph --><\/p>\n<p><a href=\"https:\/\/eur-lex.europa.eu\/legal-content\/PL\/TXT\/PDF\/?uri=CELEX:32022R0136&amp;qid=1643784960913&amp;from=PL\">ROZPORZ\u0104DZENIE WYKONAWCZE KOMISJI (UE) 2022\/136 z dnia 31 stycznia 2022 r. zmieniaj\u0105ce za\u0142\u0105cznik I do rozporz\u0105dzenia wykonawczego (UE) 2021\/605 ustanawiaj\u0105cego szczeg\u00f3lne \u015brodki zwalczania afryka\u0144skiego pomoru \u015bwi\u0144<\/a><\/p>\n<p><!-- \/wp:paragraph --><\/p>\n<p><!-- wp:paragraph --><\/p>\n<p><a href=\"https:\/\/eur-lex.europa.eu\/legal-content\/PL\/TXT\/PDF\/?uri=CELEX:32022R0205&amp;from=PL\">ROZPORZ\u0104DZENIE WYKONAWCZE KOMISJI (UE) 2022\/205 z dnia 14 lutego 2022 r. zmieniaj\u0105ce za\u0142\u0105cznik I do rozporz\u0105dzenia wykonawczego (UE) 2021\/605 ustanawiaj\u0105cego szczeg\u00f3lne \u015brodki zwalczania afryka\u0144skiego pomoru \u015bwi\u0144<\/a><\/p>\n<p><!-- \/wp:paragraph --><\/p>\n<p><!-- wp:paragraph --><\/p>\n<p><a href=\"https:\/\/eur-lex.europa.eu\/legal-content\/PL\/TXT\/PDF\/?uri=CELEX:32022R0440&amp;from=PL\">ROZPORZ\u0104DZENIE WYKONAWCZE KOMISJI (UE) 2022\/440 z dnia 16 marca 2022 r. zmieniaj\u0105ce za\u0142\u0105cznik I do rozporz\u0105dzenia wykonawczego (UE) 2021\/605 ustanawiaj\u0105cego szczeg\u00f3lne \u015brodki zwalczania afryka\u0144skiego pomoru \u015bwi\u0144 (Tekst maj\u0105cy znaczenie dla EOG)<\/a><\/p>\n<p><!-- \/wp:paragraph --><\/p>\n<p><!-- wp:paragraph --><\/p>\n<p><a href=\"https:\/\/eur-lex.europa.eu\/legal-content\/PL\/TXT\/PDF\/?uri=CELEX:32022R0705&amp;from=PL\">ROZPORZ\u0104DZENIE WYKONAWCZE KOMISJI (UE) 2022\/705 z dnia 5 maja 2022 r. zmieniaj\u0105ce za\u0142\u0105cznik I do rozporz\u0105dzenia wykonawczego (UE) 2021\/605 ustanawiaj\u0105cego szczeg\u00f3lne \u015brodki zwalczania afryka\u0144skiego pomoru \u015bwi\u0144<\/a><\/p>\n<p><!-- \/wp:paragraph --><\/p>\n<p><!-- wp:paragraph --><\/p>\n<p><a href=\"https:\/\/eur-lex.europa.eu\/legal-content\/PL\/TXT\/PDF\/?uri=CELEX:32022R0743&amp;from=PL\">ROZPORZ\u0104DZENIE WYKONAWCZE KOMISJI (UE) 2022\/743 z dnia 13 maja 2022 r. zmieniaj\u0105ce za\u0142\u0105cznik I do rozporz\u0105dzenia wykonawczego (UE) 2021\/605 ustanawiaj\u0105cego szczeg\u00f3lne \u015brodki zwalczania afryka\u0144skiego pomoru \u015bwi\u0144<\/a><\/p>\n<p><!-- \/wp:paragraph --><\/p>\n<p><!-- wp:paragraph --><\/p>\n<p><a href=\"https:\/\/eur-lex.europa.eu\/legal-content\/PL\/TXT\/PDF\/?uri=CELEX:32022R0917&amp;from=EN\" data-type=\"URL\" data-id=\"https:\/\/eur-lex.europa.eu\/legal-content\/PL\/TXT\/PDF\/?uri=CELEX:32022R0917&amp;from=EN\">ROZPORZ\u0104DZENIE WYKONAWCZE KOMISJI (UE) 2022\/917 z dnia 13 czerwca 2022 r. zmieniaj\u0105ce za\u0142\u0105cznik I do rozporz\u0105dzenia wykonawczego (UE) 2021\/605 ustanawiaj\u0105cego szczeg\u00f3lne \u015brodki zwalczania afryka\u0144skiego pomoru \u015bwi\u0144<\/a><\/p>\n<p><!-- \/wp:paragraph --><\/p>\n<p><!-- wp:paragraph --><\/p>\n<p><a href=\"https:\/\/eur-lex.europa.eu\/legal-content\/PL\/TXT\/PDF\/?uri=CELEX:32022R1196&amp;qid=1657615078961&amp;from=PL\">ROZPORZ\u0104DZENIE WYKONAWCZE KOMISJI (UE) 2022\/1196 z dnia 11 lipca 2022 r. zmieniaj\u0105ce za\u0142\u0105cznik I do rozporz\u0105dzenia wykonawczego (UE) 2021\/605 ustanawiaj\u0105cego szczeg\u00f3lne \u015brodki zwalczania afryka\u0144skiego pomoru \u015bwi\u0144<\/a><\/p>\n<p><!-- \/wp:paragraph --><\/p>\n<p><!-- wp:paragraph --><\/p>\n<p><a href=\"https:\/\/eur-lex.europa.eu\/legal-content\/PL\/TXT\/PDF\/?uri=CELEX:32022R1617&amp;from=EN\">ROZPORZ\u0104DZENIE WYKONAWCZE KOMISJI (UE) 2022\/1617 z dnia 19 wrze\u015bnia 2022 r. zmieniaj\u0105ce za\u0142\u0105cznik I do rozporz\u0105dzenia wykonawczego (UE) 2021\/605 ustanawiaj\u0105cego szczeg\u00f3lne \u015brodki zwalczania afryka\u0144skiego pomoru \u015bwi\u0144<\/a><\/p>\n<p><!-- \/wp:paragraph --><\/p>\n<p><!-- wp:paragraph --><\/p>\n<p><a href=\"https:\/\/eur-lex.europa.eu\/legal-content\/PL\/TXT\/PDF\/?uri=CELEX:32022R2486&amp;from=PL\">ROZPORZ\u0104DZENIE WYKONAWCZE KOMISJI (UE) 2022\/2486 z dnia 16 grudnia 2022 r. zmieniaj\u0105ce za\u0142\u0105cznik I do rozporz\u0105dzenia wykonawczego (UE) 2021\/605 ustanawiaj\u0105cego szczeg\u00f3lne \u015brodki zwalczania afryka\u0144skiego pomoru \u015bwi\u0144<\/a><\/p>\n<p><!-- \/wp:paragraph --><\/p>\n<p><!-- wp:paragraph --><\/p>\n<p><a href=\"https:\/\/eur-lex.europa.eu\/TodayOJ\/fallbackOJ\/l_10520230420pl.pdf\">ROZPORZ\u0104DZENIE WYKONAWCZE KOMISJI (UE) 2023\/835 z dnia 19 kwietnia 2023 r. zmieniaj\u0105ce rozporz\u0105dzenie wykonawcze (UE) 2023\/594 w odniesieniu do \u015brodk\u00f3w szczeg\u00f3lnych w zakresie zwalczania chor\u00f3b w odniesieniu do afryka\u0144skiego pomoru \u015bwi\u0144<\/a><\/p>\n<p><!-- \/wp:paragraph --><\/p>\n<p><!-- wp:paragraph --><\/p>\n<p><a href=\"https:\/\/eur-lex.europa.eu\/legal-content\/PL\/TXT\/PDF\/?uri=CELEX:32023R1300\">ROZPORZ\u0104DZENIE WYKONAWCZE KOMISJI (UE) 2023\/1300 z dnia 22 czerwca 2023 r. zmieniaj\u0105ce za\u0142\u0105cznik I do rozporz\u0105dzenia wykonawczego (UE) 2023\/594 ustanawiaj\u0105cego szczeg\u00f3lne \u015brodki zwalczania afryka\u0144skiego pomoru \u015bwi\u0144<\/a><\/p>\n<p><!-- \/wp:paragraph --><\/p>\n<p><!-- wp:paragraph --><\/p>\n<p><a href=\"https:\/\/eur-lex.europa.eu\/legal-content\/PL\/TXT\/PDF\/?uri=CELEX:32023R1799\">ROZPORZ\u0104DZENIE WYKONAWCZE KOMISJI (UE) 2023\/1799 z dnia 19 wrze\u015bnia 2023 r. zmieniaj\u0105ce za\u0142\u0105czniki I i II do rozporz\u0105dzenia wykonawczego (UE) 2023\/594 ustanawiaj\u0105cego szczeg\u00f3lne \u015brodki zwalczania afryka\u0144skiego pomoru \u015bwi\u0144<\/a><\/p>\n<p><!-- \/wp:paragraph --><\/p>\n<p><!-- wp:paragraph --><\/p>\n<p><a href=\"https:\/\/eur-lex.europa.eu\/legal-content\/PL\/TXT\/PDF\/?uri=OJ:L_202401171\">ROZPORZ\u0104DZENIE WYKONAWCZE KOMISJI (UE) 2024\/1171 z dnia 16 kwietnia 2024 r. zmieniaj\u0105ce za\u0142\u0105czniki I i II do rozporz\u0105dzenia wykonawczego (UE) 2023\/594 ustanawiaj\u0105cego szczeg\u00f3lne \u015brodki zwalczania afryka\u0144skiego pomoru \u015bwi\u0144 oraz uchylaj\u0105ce decyzj\u0119 wykonawcz\u0105 (UE) 2024\/1039<\/a><\/p>\n<p style=\"text-align: justify;\"><a href=\"https:\/\/eur-lex.europa.eu\/legal-content\/PL\/TXT\/PDF\/?uri=OJ:L_202401269\">ROZPORZ\u0104DZENIE WYKONAWCZE KOMISJI<br \/>(UE) 2024\/1269 z dnia 29 kwietnia 2024 r. zmieniaj\u0105ce za\u0142\u0105cznik I do<br \/>rozporz\u0105dzenia wykonawczego (UE) 2023\/594 ustanawiaj\u0105cego szczeg\u00f3lne \u015brodki zwalczania<br \/>afryka\u0144skiego pomoru \u015bwi\u0144<\/a><\/p>\n<p><a href=\"https:\/\/eur-lex.europa.eu\/legal-content\/PL\/TXT\/HTML\/?uri=OJ:L_202401857\">ROZPORZ\u0104DZENIE WYKONAWCZE KOMISJI<br \/>(UE) 2024\/1857 z dnia 28 czerwca 2024 r. zmieniaj\u0105ce za\u0142\u0105czniki I i II do rozporz\u0105dzenia wykonawczego (UE) 2023\/594 ustanawiaj\u0105cego szczeg\u00f3lne \u015brodki zwalczania afryka\u0144skiego pomoru \u015bwi\u0144 oraz uchylaj\u0105ce decyzj\u0119 wykonawcz\u0105 Komisji (UE) 2024\/1695 i decyzj\u0119 wykonawcz\u0105 Komisji (UE) 2024\/1790<\/a><\/p>\n<p><a href=\"https:\/\/eur-lex.europa.eu\/legal-content\/PL\/TXT\/PDF\/?uri=OJ:L_202402825\">ROZPORZ\u0104DZENIE WYKONAWCZE KOMISJI (UE) 2024\/2825 z dnia 29 pa\u017adziernika 2024 r. zmieniaj\u0105ce za\u0142\u0105cznik I do rozporz\u0105dzenia wykonawczego (UE) 2023\/594 ustanawiaj\u0105cego szczeg\u00f3lne \u015brodki zwalczania afryka\u0144skiego pomoru \u015bwi\u0144<\/a><\/p>\n<p style=\"text-align: justify;\"><a href=\"https:\/\/eur-lex.europa.eu\/legal-content\/PL\/TXT\/PDF\/?uri=OJ:L_202402886\">ROZPORZ\u0104DZENIE WYKONAWCZE KOMISJI<br \/>(UE) 2024\/2886 z dnia 12 listopada 2024 r. zmieniaj\u0105ce za\u0142\u0105cznik I do<br \/>rozporz\u0105dzenia wykonawczego (UE) 2023\/594 ustanawiaj\u0105cego szczeg\u00f3lne \u015brodki<br \/>zwalczania afryka\u0144skiego pomoru \u015bwi\u0144<\/a><\/p>\n<p><a href=\"https:\/\/eur-lex.europa.eu\/legal-content\/PL\/TXT\/PDF\/?uri=OJ:L_202502189\">ROZPORZ\u0104DZENIE WYKONAWCZE KOMISJI (UE) 2025\/2189 z dnia 23 pa\u017adziernika 2025 r. zmieniaj\u0105ce za\u0142\u0105cznik I do rozporz\u0105dzenia wykonawczego (UE) 2023\/594 ustanawiaj\u0105cego \u015brodki szczeg\u00f3lne w zakresie zwalczania chor\u00f3b w odniesieniu do afryka\u0144skiego pomoru \u015bwi\u0144<\/a><\/p>\n<p><a href=\"https:\/\/eur-lex.europa.eu\/legal-content\/PL\/TXT\/PDF\/?uri=OJ:L_202502629\">ROZPORZ\u0104DZENIE WYKONAWCZE KOMISJI (UE) 2025\/2629 z dnia 18 grudnia 2025 r. zmieniaj\u0105ce za\u0142\u0105czniki I i II do rozporz\u0105dzenia wykonawczego (UE) 2023\/594 ustanawiaj\u0105cego \u015brodki szczeg\u00f3lne w zakresie zwalczania chor\u00f3b w odniesieniu do afryka\u0144skiego pomoru \u015bwi\u0144 oraz uchylaj\u0105ce decyzj\u0119 wykonawcz\u0105 Komisji (UE) 2025\/2489 dotycz\u0105c\u0105 niekt\u00f3rych tymczasowych \u015brodk\u00f3w nadzwyczajnych w odniesieniu do afryka\u0144skiego pomoru \u015bwi\u0144 w Hiszpanii<\/a><\/p>\n<p><!-- \/wp:paragraph --><\/p>\t\t\t\t\t\t\t\t<\/div>\n\t\t\t\t<\/div>\n\t\t\t\t\t<\/div>\n\t\t<\/div>\n\t\t\t\t\t<\/div>\n\t\t<\/section>\n\t\t\t\t<\/div>\n\t\t","protected":false},"excerpt":{"rendered":"<p>Obszary obj\u0119te ograniczeniami w zwi\u0105zku z wyst\u0119powaniem afryka\u0144skiego pomoru \u015bwi\u0144, obowi\u0105zuj\u0105ce \u00a0na terenie wojew\u00f3dztwa dolno\u015bl\u0105skiego&#8230;<\/p>\n","protected":false},"author":3,"featured_media":0,"comment_status":"closed","ping_status":"closed","sticky":false,"template":"","format":"standard","meta":{"footnotes":""},"categories":[24],"tags":[],"class_list":["post-625","post","type-post","status-publish","format-standard","hentry","category-wiw-asf"],"_links":{"self":[{"href":"https:\/\/wroc.wiw.gov.pl\/index.php?rest_route=\/wp\/v2\/posts\/625","targetHints":{"allow":["GET"]}}],"collection":[{"href":"https:\/\/wroc.wiw.gov.pl\/index.php?rest_route=\/wp\/v2\/posts"}],"about":[{"href":"https:\/\/wroc.wiw.gov.pl\/index.php?rest_route=\/wp\/v2\/types\/post"}],"author":[{"embeddable":true,"href":"https:\/\/wroc.wiw.gov.pl\/index.php?rest_route=\/wp\/v2\/users\/3"}],"replies":[{"embeddable":true,"href":"https:\/\/wroc.wiw.gov.pl\/index.php?rest_route=%2Fwp%2Fv2%2Fcomments&post=625"}],"version-history":[{"count":54,"href":"https:\/\/wroc.wiw.gov.pl\/index.php?rest_route=\/wp\/v2\/posts\/625\/revisions"}],"predecessor-version":[{"id":5353,"href":"https:\/\/wroc.wiw.gov.pl\/index.php?rest_route=\/wp\/v2\/posts\/625\/revisions\/5353"}],"wp:attachment":[{"href":"https:\/\/wroc.wiw.gov.pl\/index.php?rest_route=%2Fwp%2Fv2%2Fmedia&parent=625"}],"wp:term":[{"taxonomy":"category","embeddable":true,"href":"https:\/\/wroc.wiw.gov.pl\/index.php?rest_route=%2Fwp%2Fv2%2Fcategories&post=625"},{"taxonomy":"post_tag","embeddable":true,"href":"https:\/\/wroc.wiw.gov.pl\/index.php?rest_route=%2Fwp%2Fv2%2Ftags&post=625"}],"curies":[{"name":"wp","href":"https:\/\/api.w.org\/{rel}","templated":true}]}}